{"id":506,"date":"2014-05-15T20:22:06","date_gmt":"2014-05-15T19:22:06","guid":{"rendered":"http:\/\/www.tornados.at\/wp\/?p=506"},"modified":"2014-09-23T08:59:04","modified_gmt":"2014-09-23T07:59:04","slug":"oe3-bericht-iba-schneesturm-am-hochwechsel","status":"publish","type":"post","link":"https:\/\/tornados.at\/wp\/?p=506","title":{"rendered":"\u00d63-Bericht iba Schneesturm am Hochwechsel"},"content":{"rendered":"<p>Am 15. Mai hob i unter \u00e5nderem vom Sturm am Hochwechsel auf \u00d63 berichtet. A poa Videos, de mei Meteorologen-Kollege (c) Mag. Christian Pehsl vo da ZAMG in Graz gmocht hot, gibbs do:<\/p>\n<p><a title=\"Hochwechsel am 15.5.2014\" href=\"http:\/\/www.tornados.at\/medien\/mov\/IMG_2031.avi\" target=\"_blank\">Video 1<\/a><\/p>\n<p><a title=\"Hochwechsel am 15.5.2014\" href=\"http:\/\/www.tornados.at\/medien\/mov\/IMG_2032.avi\" target=\"_blank\">Video 2<\/a><\/p>\n<p><a title=\"Hochwechsel am 15.5.2014\" href=\"http:\/\/www.tornados.at\/medien\/mov\/IMG_2033.avi\" target=\"_blank\">Video 3<\/a><\/p>\n<p><a title=\"Hochwechsel am 15.5.2014\" href=\"http:\/\/www.tornados.at\/medien\/mov\/IMG_2034.avi\" target=\"_blank\">Video 4<\/a><\/p>\n<figure id=\"attachment_511\" aria-describedby=\"caption-attachment-511\" style=\"width: 416px\" class=\"wp-caption alignnone\"><a href=\"https:\/\/tornados.at\/wp\/wp-content\/uploads\/2014\/05\/IMG_2086.jpg\"><img loading=\"lazy\" decoding=\"async\" class=\"wp-image-511\" src=\"https:\/\/tornados.at\/wp\/wp-content\/uploads\/2014\/05\/IMG_2086-1024x764.jpg\" alt=\"IMG_2086\" width=\"416\" height=\"310\" srcset=\"https:\/\/tornados.at\/wp\/wp-content\/uploads\/2014\/05\/IMG_2086-1024x764.jpg 1024w, https:\/\/tornados.at\/wp\/wp-content\/uploads\/2014\/05\/IMG_2086-300x224.jpg 300w\" sizes=\"(max-width: 416px) 100vw, 416px\" \/><\/a><figcaption id=\"caption-attachment-511\" class=\"wp-caption-text\">Alois M. Holzer fia \u00d63 am Hochwechsel am 15.5.2014, Foto (c) Christian Pehsl<\/figcaption><\/figure>\n","protected":false},"excerpt":{"rendered":"<p>Am 15. Mai hob i unter \u00e5nderem vom Sturm am Hochwechsel auf \u00d63 berichtet. A poa Videos, de mei Meteorologen-Kollege (c) Mag. Christian Pehsl vo da ZAMG in Graz gmocht [&hellip;]<\/p>\n","protected":false},"author":1,"featured_media":0,"comment_status":"open","ping_status":"closed","sticky":false,"template":"","format":"standard","meta":{"footnotes":""},"categories":[9,7],"tags":[],"class_list":["post-506","post","type-post","status-publish","format-standard","hentry","category-iwami","category-wedan"],"_links":{"self":[{"href":"https:\/\/tornados.at\/wp\/index.php?rest_route=\/wp\/v2\/posts\/506"}],"collection":[{"href":"https:\/\/tornados.at\/wp\/index.php?rest_route=\/wp\/v2\/posts"}],"about":[{"href":"https:\/\/tornados.at\/wp\/index.php?rest_route=\/wp\/v2\/types\/post"}],"author":[{"embeddable":true,"href":"https:\/\/tornados.at\/wp\/index.php?rest_route=\/wp\/v2\/users\/1"}],"replies":[{"embeddable":true,"href":"https:\/\/tornados.at\/wp\/index.php?rest_route=%2Fwp%2Fv2%2Fcomments&post=506"}],"version-history":[{"count":6,"href":"https:\/\/tornados.at\/wp\/index.php?rest_route=\/wp\/v2\/posts\/506\/revisions"}],"predecessor-version":[{"id":515,"href":"https:\/\/tornados.at\/wp\/index.php?rest_route=\/wp\/v2\/posts\/506\/revisions\/515"}],"wp:attachment":[{"href":"https:\/\/tornados.at\/wp\/index.php?rest_route=%2Fwp%2Fv2%2Fmedia&parent=506"}],"wp:term":[{"taxonomy":"category","embeddable":true,"href":"https:\/\/tornados.at\/wp\/index.php?rest_route=%2Fwp%2Fv2%2Fcategories&post=506"},{"taxonomy":"post_tag","embeddable":true,"href":"https:\/\/tornados.at\/wp\/index.php?rest_route=%2Fwp%2Fv2%2Ftags&post=506"}],"curies":[{"name":"wp","href":"https:\/\/api.w.org\/{rel}","templated":true}]}}