{"id":315,"date":"2014-01-20T14:56:17","date_gmt":"2014-01-20T13:56:17","guid":{"rendered":"http:\/\/www.tornados.at\/wp\/?p=315"},"modified":"2016-11-11T20:31:32","modified_gmt":"2016-11-11T19:31:32","slug":"wos-i-in-da-vaganganheit-an-vuatraegen-und-moderationen-gmocht-hob","status":"publish","type":"post","link":"https:\/\/tornados.at\/wp\/?p=315","title":{"rendered":"Wos i in da Vag\u00e5nganheit \u00e5n Vuatr\u00e4gen und Moderationen gmocht hob"},"content":{"rendered":"<p><span style=\"color: #888888;\"><strong>A Auswoi:<\/strong><\/span><\/p>\n<p>&nbsp;<\/p>\n<p><strong>2016<\/strong><\/p>\n<p style=\"padding-left: 30px;\">Juni<\/p>\n<p style=\"padding-left: 60px;\">Co-Kurator vo da Ausstellung &#8222;100 Jahre Tornado Wiener Neustadt&#8220; im Stodtmuseum vo Neistodt<\/p>\n<p style=\"padding-left: 30px;\">Nuvemba<\/p>\n<p style=\"padding-left: 60px;\">Vuatrog &#8222;Werden Hochwasserereignisse in der Buckligen Welt h\u00e4ufiger?&#8220; ban Lions Club Kiachschlog<\/p>\n<p><strong>2015<\/strong><\/p>\n<p style=\"padding-left: 30px;\">Februar<\/p>\n<p style=\"padding-left: 60px;\">Leiter vo da Podiumsdiskussion iba vag\u00e5ngane schiache Wedan beim &#8222;RAIN-Workshop&#8220; an da FU-Berlin.<\/p>\n<p>&nbsp;<\/p>\n<p><strong>2014<\/strong><\/p>\n<p style=\"padding-left: 30px;\">Apr\u00fc<\/p>\n<p style=\"padding-left: 60px;\">Vuatrog &#8222;Wie entstehen Wetterprognosen und Klimawandel-Absch\u00e4tzungen? Ein Blick hinter die Kulissen.&#8220; ba da Vuivas\u00e5mmlung v\u00e5n Maschinenring in Edlitz<\/p>\n<p style=\"padding-left: 30px;\">Mai<\/p>\n<p style=\"padding-left: 60px;\">Moderation vom <a title=\"Lernfest in da Woath mit Felix Gottwald\" href=\"https:\/\/tornados.at\/wp\/?p=536\">Lernfest in da Woath<\/a> mit Felix Gottwald als Gast (u.a.)<\/p>\n<p style=\"padding-left: 60px;\">Zeremonienmoasta bei ana interkulturellen Hochzeit (mit \u00f6sterreichischem, US-amerikanischem, libanesischem, schottischem, christlichem und j\u00fcdischem Hintergrund) in Perchtoldsdorf<\/p>\n<p style=\"padding-left: 60px;\">\u00a0<a href=\"https:\/\/tornados.at\/wp\/wp-content\/uploads\/2014\/01\/Wedding-Diane-and-Robert.jpg\"><img loading=\"lazy\" decoding=\"async\" class=\"alignnone wp-image-561\" src=\"https:\/\/tornados.at\/wp\/wp-content\/uploads\/2014\/01\/Wedding-Diane-and-Robert-780x1024.jpg\" alt=\"Wedding Diane and Robert\" width=\"152\" height=\"200\" srcset=\"https:\/\/tornados.at\/wp\/wp-content\/uploads\/2014\/01\/Wedding-Diane-and-Robert-780x1024.jpg 780w, https:\/\/tornados.at\/wp\/wp-content\/uploads\/2014\/01\/Wedding-Diane-and-Robert-228x300.jpg 228w, https:\/\/tornados.at\/wp\/wp-content\/uploads\/2014\/01\/Wedding-Diane-and-Robert.jpg 1462w\" sizes=\"(max-width: 152px) 100vw, 152px\" \/>\u00a0\u00a0\u00a0<img loading=\"lazy\" decoding=\"async\" class=\"alignnone wp-image-560\" src=\"https:\/\/tornados.at\/wp\/wp-content\/uploads\/2014\/01\/Wedding-Diane-and-Robert-035-1024x682.jpg\" alt=\"Wedding Diane and Robert - 035\" width=\"302\" height=\"201\" \/><\/a>\u00a0 B\u00fcdln: \u00a0(c) Peter Hartberger<\/p>\n<p>&nbsp;<\/p>\n<p style=\"padding-left: 30px;\">Oktoba<\/p>\n<p style=\"padding-left: 60px;\">Vuatrog bei da Joahreshauptvasammlung vom Dorferneuerungsverein Krumbach iba Hochwossa in da Buckladn W\u00f6d.<\/p>\n<p style=\"padding-left: 30px;\">Dezemba<\/p>\n<p style=\"padding-left: 60px;\">Vuatrog bei da Weihnochtsfeia vo da W\u00fcldboch- und Lawinen-Verbauung in Tiafnboch.<\/p>\n<p>&nbsp;<\/p>\n<p><strong>2013<\/strong><\/p>\n<p style=\"padding-left: 30px;\"><em>Miaz<\/em><\/p>\n<p style=\"padding-left: 60px;\">Co-Vuasitzenda vom wissensch\u00e5ftlichen Programmkomitee zan Thema Kommunikation bei da EUMETSAT-Konferenz in da Weana Hofburg<\/p>\n<p style=\"padding-left: 60px;\">Co-Moderation Podiumsdiskussion (User needs in satellite meteorology) bei da EUMETSAT-Konferenz in da Weana Hofburg<\/p>\n<p style=\"padding-left: 30px;\"><em>Mai<\/em><\/p>\n<p style=\"padding-left: 60px;\">Weatherbriefings bei da Adriatic Sailing Week (ASW2013) \u00e5n Uart und St\u00f6l im Seegebiet Mitteldalmatien<\/p>\n<p style=\"padding-left: 30px;\"><em>Juni<\/em><\/p>\n<p style=\"padding-left: 60px;\">Vuatrog zan Thema tropische Wirbelst\u00fcrme im Mittelmeergebiet \u00a0bei da Europ\u00e4ischen Konferenz iba schwara Wedan in Helsinki, Finnland (au\u00dfadem hob i de n\u00e4chste ECSS vuagst\u00f6lt, de in Weana Neistod sein wiad, im Joahr 2015)<\/p>\n<p style=\"padding-left: 60px;\">W\u00fclkommensgrua\u00df fia de internationalen Teulnehma beim ESSL Testbed in Weana Neistod<\/p>\n<p style=\"padding-left: 30px;\"><em>Nuvemba<\/em><\/p>\n<p style=\"padding-left: 60px;\">Vuatrog iba des ESSL beim \u00d6sterreichischen Meteorologentag in Feldkirch<\/p>\n<p>&nbsp;<\/p>\n<p><strong>2012<\/strong><\/p>\n<p style=\"padding-left: 30px;\"><em>Feber<\/em><\/p>\n<p style=\"padding-left: 60px;\">Live-Bericht vo da &#8222;\u00d63 Expedition zum K\u00e4ltepol \u00d6sterreichs im \u00d63-Wecker&#8220;<\/p>\n<p style=\"padding-left: 30px;\"><em>Miaz<\/em><\/p>\n<p style=\"padding-left: 60px;\">Vuatrog ban europ\u00e4ischen Wettersatellitenbetreiber EUMETSAT in Darmstadt in Deitschl\u00e5nd iwa tropische Wirbelst\u00fcrme im Mittelmeergebiet<\/p>\n<p style=\"padding-left: 30px;\"><em>Juni<\/em><\/p>\n<p style=\"padding-left: 60px;\">Moderation vo da feierlichn Er\u00f6ffnung van ESSL mit Begr\u00fc\u00dfung vo de Botsch\u00e5fta, Diplomatn und internationalen Repr\u00e4sentantn<\/p>\n<p style=\"padding-left: 30px;\"><em>Septemba<\/em><\/p>\n<p style=\"padding-left: 60px;\">Vuatrog bei da EUMESAT Konferenz an der Ostsee in Sopot (Polen)<\/p>\n<p style=\"padding-left: 30px;\"><em>Oktoba<\/em><\/p>\n<p style=\"padding-left: 60px;\">Co-Exkursionsleiter zu Dolinen-K\u00e4lteseen im Dochstoagebiet bei Haus im Ennstoi<\/p>\n<p style=\"padding-left: 60px;\">\u00c5bendvuatrog &#8222;Wetterextreme im Dachsteingebiet&#8220; ban Aicha Hiabst im Ennstoi<\/p>\n<p style=\"padding-left: 30px;\"><em>Nuvemba<\/em><\/p>\n<p style=\"padding-left: 60px;\">Vuatrog ibas ESSL ban Fuatb\u00fcldungstog der DMG and \u00d6MG in Soizbuag (in da Salzburg Foundation)<\/p>\n<p style=\"padding-left: 30px;\"><em>Dezemba<\/em><\/p>\n<p style=\"padding-left: 60px;\">Vuatrog ibas ESSL ban Wirtschaftskreis Wiener Neustadt im Hotel Corvinus<\/p>\n<p>&nbsp;<\/p>\n<p><strong>2011<\/strong><\/p>\n<p style=\"padding-left: 30px;\">Lesung ausm Buach &#8222;Hei\u00dfe Luft&#8220; von Dr. Reinhard B\u00f6hm anl\u00e4sslich der 2. Auflage auf der Hohen Warte in Wean (ZAMG)<\/p>\n<p style=\"padding-left: 30px;\">Er\u00f6ffnung \u00d63 Wetterstation Gro\u00dfarltal, Toilstation Gro\u00dfarl<\/p>\n<p style=\"padding-left: 30px;\">Organisation und Leitung \u00d6sterreichisches Hagelvorhersage-Symposium, Moderation der Podiumsdiskussion, Schloss Grumboch<\/p>\n<p style=\"padding-left: 30px;\">\u00dcberreichung Dotzek-Award bei da &#8222;European Conference on Severe Storms&#8220; in Palma de Mallorca, Spanien<\/p>\n<p><strong>2010<\/strong><\/p>\n<p style=\"padding-left: 30px;\">Er\u00f6ffnung \u00d63 Wetterstation Bad Deutsch Altenburg Carnuntum<\/p>\n<p style=\"padding-left: 30px;\">Vuatrog bei: &#8222;Media Session, EMS Konferenz Z\u00fcrich, Schweiz&#8220; zum Thema Psychologie und Wetterbericht<\/p>\n<p><strong>2009<\/strong><\/p>\n<p style=\"padding-left: 30px;\">Fortbildungsveranstaltung f\u00fcr AustroControl in Klagenfurt<\/p>\n<p style=\"padding-left: 30px;\">Festrede und Laudatio zur Verleihung der EMS Awards bei der ECSS in Landshut, Bayern<\/p>\n<p><strong>2008<\/strong><\/p>\n<p style=\"padding-left: 30px;\">Vortrag beim VERBUND Forschungsforum zum Thema Unwetter und Klimawandel, Ovalhalle Museumsquartier Wien<\/p>\n<p><strong>bis 2007<\/strong><\/p>\n<p style=\"padding-left: 30px;\">Er\u00f6ffnung \u00d63 Wetterstation Krumbach in der Buckligen Welt<\/p>\n<p style=\"padding-left: 30px;\">Organisation und Leitung Workshop \u00d63 Wetterwarnungen, Schloss Grumboch<\/p>\n<p style=\"padding-left: 30px;\">Lesung aus Buch Lebensspuren, Halle Grumboch<\/p>\n<p style=\"padding-left: 30px;\">Vuatrog iwa meine Radio- und Wissenschafts-Aktivit\u00e4ten bei der Raiba Pittental<\/p>\n<p style=\"padding-left: 30px;\">Moderation gro\u00dfe Benefizveranstaltung und mehrere Herbstkonzerte Halle Grumboch<\/p>\n<p style=\"padding-left: 30px;\">Moderation Sicherheitstag Sparkasse Kirchschlog in da Buckladn W\u00f6ld<\/p>\n<p style=\"padding-left: 30px;\">Moderation D\u00e4mmen bringt&#8217;s in Bod Schenau und Grumboch<\/p>\n<p style=\"padding-left: 30px;\">Moderation Adventkonzert Pfarrkirche St. Stephan Grumboch<\/p>\n<p style=\"padding-left: 30px;\">Segelwetter-Seminar beim Heeressportverein Wiener Neustadt<\/p>\n<p>&nbsp;<\/p>\n","protected":false},"excerpt":{"rendered":"<p>A Auswoi: &nbsp; 2016 Juni Co-Kurator vo da Ausstellung &#8222;100 Jahre Tornado Wiener Neustadt&#8220; im Stodtmuseum vo Neistodt Nuvemba Vuatrog &#8222;Werden Hochwasserereignisse in der Buckligen Welt h\u00e4ufiger?&#8220; ban Lions Club [&hellip;]<\/p>\n","protected":false},"author":1,"featured_media":0,"comment_status":"open","ping_status":"closed","sticky":false,"template":"","format":"standard","meta":{"footnotes":""},"categories":[9],"tags":[21,20],"class_list":["post-315","post","type-post","status-publish","format-standard","hentry","category-iwami","tag-moderationen","tag-vuatraege"],"_links":{"self":[{"href":"https:\/\/tornados.at\/wp\/index.php?rest_route=\/wp\/v2\/posts\/315"}],"collection":[{"href":"https:\/\/tornados.at\/wp\/index.php?rest_route=\/wp\/v2\/posts"}],"about":[{"href":"https:\/\/tornados.at\/wp\/index.php?rest_route=\/wp\/v2\/types\/post"}],"author":[{"embeddable":true,"href":"https:\/\/tornados.at\/wp\/index.php?rest_route=\/wp\/v2\/users\/1"}],"replies":[{"embeddable":true,"href":"https:\/\/tornados.at\/wp\/index.php?rest_route=%2Fwp%2Fv2%2Fcomments&post=315"}],"version-history":[{"count":12,"href":"https:\/\/tornados.at\/wp\/index.php?rest_route=\/wp\/v2\/posts\/315\/revisions"}],"predecessor-version":[{"id":852,"href":"https:\/\/tornados.at\/wp\/index.php?rest_route=\/wp\/v2\/posts\/315\/revisions\/852"}],"wp:attachment":[{"href":"https:\/\/tornados.at\/wp\/index.php?rest_route=%2Fwp%2Fv2%2Fmedia&parent=315"}],"wp:term":[{"taxonomy":"category","embeddable":true,"href":"https:\/\/tornados.at\/wp\/index.php?rest_route=%2Fwp%2Fv2%2Fcategories&post=315"},{"taxonomy":"post_tag","embeddable":true,"href":"https:\/\/tornados.at\/wp\/index.php?rest_route=%2Fwp%2Fv2%2Ftags&post=315"}],"curies":[{"name":"wp","href":"https:\/\/api.w.org\/{rel}","templated":true}]}}