{"id":1182,"date":"2023-01-31T19:56:34","date_gmt":"2023-01-31T18:56:34","guid":{"rendered":"https:\/\/www.tornados.at\/wp\/?p=1182"},"modified":"2023-01-31T20:02:11","modified_gmt":"2023-01-31T19:02:11","slug":"mei-neiche-zusatzquali","status":"publish","type":"post","link":"https:\/\/tornados.at\/wp\/?p=1182","title":{"rendered":"Mei neiche Zusatzquali"},"content":{"rendered":"\n<p>I hob hiaz noch ana hoibj\u00e4hrigen Ausb\u00fcdung a neiche Zusatzquali und deaf mi &#8222;<a href=\"http:\/\/www.bergwanderfuehrerverband-steiermark.at\/index.html\">beh\u00f6rdlich befugter Bergwanderf\u00fchrer<\/a>&#8220; nennan. De Kurse hob i in da Steiamoak am Dochstoa und im Totn Gebirge gmocht &#8211; inklusive Winterkurs fias Schneeschuach-W\u00e5ndern. <\/p>\n\n\n<div class=\"wp-block-image\">\n<figure class=\"aligncenter size-full\"><a href=\"https:\/\/www.tornados.at\/wp\/wp-content\/uploads\/2023\/01\/Abzeichen-BWF2.jpg\"><img loading=\"lazy\" decoding=\"async\" width=\"300\" height=\"303\" src=\"https:\/\/www.tornados.at\/wp\/wp-content\/uploads\/2023\/01\/Abzeichen-BWF2.jpg\" alt=\"\" class=\"wp-image-1183\" srcset=\"https:\/\/tornados.at\/wp\/wp-content\/uploads\/2023\/01\/Abzeichen-BWF2.jpg 300w, https:\/\/tornados.at\/wp\/wp-content\/uploads\/2023\/01\/Abzeichen-BWF2-297x300.jpg 297w\" sizes=\"(max-width: 300px) 100vw, 300px\" \/><\/a><\/figure><\/div>\n\n\n<p>Mein ersten Eisotz hob i im J\u00e4nner scho auf der Tauplitzoim ghobt mit Schneeschuach fia Kollegen vo mein <a href=\"http:\/\/www.essl.org\">Unwetter-Forschungsinstitut ESSL<\/a>. Zus\u00e4tzlich hoid i ob heia ois Trainer a Bergweda-Fuatb\u00fcdungen fia den Bergspuatverband in da Steiamoak ab. <\/p>\n\n\n\n<figure class=\"wp-block-image size-large\"><a href=\"https:\/\/www.tornados.at\/wp\/wp-content\/uploads\/2023\/01\/IMG_6843.jpg\"><img loading=\"lazy\" decoding=\"async\" width=\"1024\" height=\"576\" src=\"https:\/\/www.tornados.at\/wp\/wp-content\/uploads\/2023\/01\/IMG_6843-1024x576.jpg\" alt=\"\" class=\"wp-image-1184\" srcset=\"https:\/\/tornados.at\/wp\/wp-content\/uploads\/2023\/01\/IMG_6843-1024x576.jpg 1024w, https:\/\/tornados.at\/wp\/wp-content\/uploads\/2023\/01\/IMG_6843-300x169.jpg 300w, https:\/\/tornados.at\/wp\/wp-content\/uploads\/2023\/01\/IMG_6843-768x432.jpg 768w, https:\/\/tornados.at\/wp\/wp-content\/uploads\/2023\/01\/IMG_6843-1536x864.jpg 1536w, https:\/\/tornados.at\/wp\/wp-content\/uploads\/2023\/01\/IMG_6843.jpg 2048w\" sizes=\"(max-width: 1024px) 100vw, 1024px\" \/><\/a><\/figure>\n\n\n\n<p>In da Buckladn W\u00f6d wiar i die Wander-F\u00fchrungen im R\u00e5hmen vom Jodelkurs am 1. Apr\u00fc und am 11. Novemba iwanehmen. \u00c5m\u00f6dn fia den Jodlkurs k\u00e5 ma si auf da <a href=\"http:\/\/www.pregnerei.at\" data-type=\"URL\" data-id=\"www.pregnerei.at\">Seitn vo da Pregnerei<\/a> unter &#8222;Events und Shop&#8220;. <\/p>\n\n\n\n<figure class=\"wp-block-image size-large\"><a href=\"https:\/\/www.tornados.at\/wp\/wp-content\/uploads\/2023\/01\/IMG_6838.jpg\"><img loading=\"lazy\" decoding=\"async\" width=\"576\" height=\"1024\" src=\"https:\/\/www.tornados.at\/wp\/wp-content\/uploads\/2023\/01\/IMG_6838-576x1024.jpg\" alt=\"\" class=\"wp-image-1186\" srcset=\"https:\/\/tornados.at\/wp\/wp-content\/uploads\/2023\/01\/IMG_6838-576x1024.jpg 576w, https:\/\/tornados.at\/wp\/wp-content\/uploads\/2023\/01\/IMG_6838-169x300.jpg 169w, https:\/\/tornados.at\/wp\/wp-content\/uploads\/2023\/01\/IMG_6838-768x1365.jpg 768w, https:\/\/tornados.at\/wp\/wp-content\/uploads\/2023\/01\/IMG_6838-864x1536.jpg 864w, https:\/\/tornados.at\/wp\/wp-content\/uploads\/2023\/01\/IMG_6838.jpg 1152w\" sizes=\"(max-width: 576px) 100vw, 576px\" \/><\/a><\/figure>\n","protected":false},"excerpt":{"rendered":"<p>I hob hiaz noch ana hoibj\u00e4hrigen Ausb\u00fcdung a neiche Zusatzquali und deaf mi &#8222;beh\u00f6rdlich befugter Bergwanderf\u00fchrer&#8220; nennan. De Kurse hob i in da Steiamoak am Dochstoa und im Totn Gebirge [&hellip;]<\/p>\n","protected":false},"author":1,"featured_media":0,"comment_status":"open","ping_status":"closed","sticky":false,"template":"","format":"standard","meta":{"footnotes":""},"categories":[3,9],"tags":[],"class_list":["post-1182","post","type-post","status-publish","format-standard","hentry","category-hoam","category-iwami"],"_links":{"self":[{"href":"https:\/\/tornados.at\/wp\/index.php?rest_route=\/wp\/v2\/posts\/1182"}],"collection":[{"href":"https:\/\/tornados.at\/wp\/index.php?rest_route=\/wp\/v2\/posts"}],"about":[{"href":"https:\/\/tornados.at\/wp\/index.php?rest_route=\/wp\/v2\/types\/post"}],"author":[{"embeddable":true,"href":"https:\/\/tornados.at\/wp\/index.php?rest_route=\/wp\/v2\/users\/1"}],"replies":[{"embeddable":true,"href":"https:\/\/tornados.at\/wp\/index.php?rest_route=%2Fwp%2Fv2%2Fcomments&post=1182"}],"version-history":[{"count":4,"href":"https:\/\/tornados.at\/wp\/index.php?rest_route=\/wp\/v2\/posts\/1182\/revisions"}],"predecessor-version":[{"id":1191,"href":"https:\/\/tornados.at\/wp\/index.php?rest_route=\/wp\/v2\/posts\/1182\/revisions\/1191"}],"wp:attachment":[{"href":"https:\/\/tornados.at\/wp\/index.php?rest_route=%2Fwp%2Fv2%2Fmedia&parent=1182"}],"wp:term":[{"taxonomy":"category","embeddable":true,"href":"https:\/\/tornados.at\/wp\/index.php?rest_route=%2Fwp%2Fv2%2Fcategories&post=1182"},{"taxonomy":"post_tag","embeddable":true,"href":"https:\/\/tornados.at\/wp\/index.php?rest_route=%2Fwp%2Fv2%2Ftags&post=1182"}],"curies":[{"name":"wp","href":"https:\/\/api.w.org\/{rel}","templated":true}]}}